{"id":122,"date":"2016-04-27T21:42:55","date_gmt":"2016-04-27T19:42:55","guid":{"rendered":"https:\/\/www.stampavolantini.org\/tamtam\/?p=122"},"modified":"2016-04-27T21:51:17","modified_gmt":"2016-04-27T19:51:17","slug":"la-villa-cereda-di-noseda-lincantevole-scenario-dello-spot-nespresso","status":"publish","type":"post","link":"https:\/\/www.stampavolantini.org\/tamtam\/la-villa-cereda-di-noseda-lincantevole-scenario-dello-spot-nespresso\/","title":{"rendered":"La Villa Cereda di Noseda: l&#8217;incantevole scenario dello spot Nespresso"},"content":{"rendered":"<p><strong>La Villa Cereda di Noseda<\/strong><\/p>\n<p>Il luogo \u00e8 diventato famoso per essere stato lo scenario delle riprese dello spot con George Clooney e Jack Black sul caff\u00e8 Nespresso.<br \/>\nAl famoso attore americano piace immergersi nei suggestivi luoghi della Toscana, fra arte e bont\u00e0 culinarie, ed \u00e8 presto tornato sul lago di Como per fare da testimonial.<br \/>\nVilla Cereda Noseda \u00e8 una residenza favolosa nella valle di Valfresca<br \/>\nIntrodotta dal suggestivo portale di ingresso, il parco della villa Cereda di Noseda si trova nei pressi di Como, distante 11 km da Laglio.<br \/>\nLa villa, privata ed oggi ristrutturata in condominio \u00e8 conosciuta anche come Villa Centenari, \u00e8 ricca e sfarzosa, immersa nel verde.<\/p>\n<p><strong>La valle<\/strong><br \/>\nValfresca \u00e8 una <img loading=\"lazy\" decoding=\"async\" class=\"size-medium wp-image-124 alignleft\" src=\"https:\/\/www.stampavolantini.org\/tamtam\/wp-content\/uploads\/2016\/04\/cea4da40e847ed2838a189d69cf43450-min-300x225.jpg\" alt=\"valfresca valle\" width=\"300\" height=\"225\" srcset=\"https:\/\/www.stampavolantini.org\/tamtam\/wp-content\/uploads\/2016\/04\/cea4da40e847ed2838a189d69cf43450-min-300x225.jpg 300w, https:\/\/www.stampavolantini.org\/tamtam\/wp-content\/uploads\/2016\/04\/cea4da40e847ed2838a189d69cf43450-min.jpg 500w\" sizes=\"(max-width: 300px) 100vw, 300px\" \/>valle montana dove in tempi medievali si trovava la strada pi\u00f9 rapida per raggiungere la citt\u00e0 di Como per gli abitanti delle citt\u00e0 vicine. Questa valle \u00e8 chiamata, proprio per questa fama popolare, San Fermo la vecchia.<br \/>\nValfresca, come abbiamo gi\u00e0 detto, ospita anche la villa Cereda Noseda, e fu teatro di scontri nella battaglia di San Fermo del 1859.<br \/>\nOggi, invece, \u00e8 nota per essere una piacevole sosta paesaggistica in vista dell\u2019ultimo tratto per raggiungere Como e, in alcune edizioni, ha ospitato anche un tratto della corsa ciclistica internazionale del Giro di Lombardia.<\/p>\n<p>&nbsp;<\/p>\n<p><strong>Matrimoni alla villa<\/strong><br \/>\nLa Villa Cereda di Noseda offre anche una stupenda localit\u00e0 affacciata al Lago di Como per organizzare i propri eventi, i banchetti e soprattutto il proprio matrimonio. Sfarzosi e lussuosi, ma anche candidi e in armonia col verde, la villa fa anche da luogo di ricevimento, con il suo ristorante e i centritavola fatti di rose bianche e rosa, che spuntano tra piccoli mazzolini di fiori bianchi.<br \/>\nDi notte poi, la villa si colora di suggestive luci che accompagnano la serata romantica per i neo sposini e i loro invitati.<\/p>\n","protected":false},"excerpt":{"rendered":"<p>La Villa Cereda di Noseda Il luogo \u00e8 diventato famoso per essere stato lo scenario delle riprese dello spot con George Clooney e Jack Black sul caff\u00e8 Nespresso. Al famoso attore americano piace immergersi nei suggestivi luoghi della Toscana, fra arte e bont\u00e0 culinarie, ed \u00e8 presto tornato sul lago di Como per fare da&#8230;<\/p>\n","protected":false},"author":2,"featured_media":123,"comment_status":"open","ping_status":"open","sticky":false,"template":"","format":"standard","meta":{"footnotes":""},"categories":[13],"tags":[44,45,29,43,42],"_links":{"self":[{"href":"https:\/\/www.stampavolantini.org\/tamtam\/wp-json\/wp\/v2\/posts\/122"}],"collection":[{"href":"https:\/\/www.stampavolantini.org\/tamtam\/wp-json\/wp\/v2\/posts"}],"about":[{"href":"https:\/\/www.stampavolantini.org\/tamtam\/wp-json\/wp\/v2\/types\/post"}],"author":[{"embeddable":true,"href":"https:\/\/www.stampavolantini.org\/tamtam\/wp-json\/wp\/v2\/users\/2"}],"replies":[{"embeddable":true,"href":"https:\/\/www.stampavolantini.org\/tamtam\/wp-json\/wp\/v2\/comments?post=122"}],"version-history":[{"count":1,"href":"https:\/\/www.stampavolantini.org\/tamtam\/wp-json\/wp\/v2\/posts\/122\/revisions"}],"predecessor-version":[{"id":125,"href":"https:\/\/www.stampavolantini.org\/tamtam\/wp-json\/wp\/v2\/posts\/122\/revisions\/125"}],"wp:featuredmedia":[{"embeddable":true,"href":"https:\/\/www.stampavolantini.org\/tamtam\/wp-json\/wp\/v2\/media\/123"}],"wp:attachment":[{"href":"https:\/\/www.stampavolantini.org\/tamtam\/wp-json\/wp\/v2\/media?parent=122"}],"wp:term":[{"taxonomy":"category","embeddable":true,"href":"https:\/\/www.stampavolantini.org\/tamtam\/wp-json\/wp\/v2\/categories?post=122"},{"taxonomy":"post_tag","embeddable":true,"href":"https:\/\/www.stampavolantini.org\/tamtam\/wp-json\/wp\/v2\/tags?post=122"}],"curies":[{"name":"wp","href":"https:\/\/api.w.org\/{rel}","templated":true}]}}